{"id":882,"date":"2026-04-26T10:19:48","date_gmt":"2026-04-26T08:19:48","guid":{"rendered":"https:\/\/ufc-que-choisir-lauragais.fr\/?p=882"},"modified":"2026-04-26T10:20:41","modified_gmt":"2026-04-26T08:20:41","slug":"les-avis-de-lufc-que-choisir-sur-certains-modeles","status":"publish","type":"post","link":"https:\/\/ufc-que-choisir-lauragais.fr\/index.php\/2026\/04\/26\/les-avis-de-lufc-que-choisir-sur-certains-modeles\/","title":{"rendered":"les avis de l&rsquo;UFC Que Choisir sur certains mod\u00e8les"},"content":{"rendered":"\n<p>Voici les commentaires de l&rsquo;UFC Que Choisir sur certains mod\u00e8les r\u00e9cents de voitures :<\/p>\n\n\n\n<ul class=\"wp-block-list\">\n<li>La Kia EV2 : <a href=\"https:\/\/www.quechoisir.org\/actualite-kia-ev2-premieres-impressions-n175698\/?utm_medium=email&amp;utm_source=nlh&amp;utm_campaign=nlh20260423&amp;at_medium=email&amp;at_emailtype=retention&amp;at_campaign=nlh20260423\">Kia EV2 &#8211; Premi\u00e8res impressions &#8211; Actualit\u00e9 &#8211; Que Choisir Ensemble<\/a><\/li>\n<\/ul>\n\n\n<div class=\"wp-block-image\">\n<figure class=\"aligncenter size-large is-resized\"><img decoding=\"async\" src=\"https:\/\/im.qccdn.fr\/node\/actualite-kia-ev2-premieres-impressions-175698\/thumbnail_800x480px-157946.jpg\" alt=\"\" style=\"width:272px;height:auto\"\/><\/figure>\n<\/div>\n\n\n<ul class=\"wp-block-list\">\n<li>La Suzuki eVitara : <a href=\"https:\/\/www.quechoisir.org\/actualite-suzuki-evitara-premieres-impressions-n175294\/?utm_medium=email&amp;utm_source=nlh&amp;utm_campaign=nlh20260402&amp;at_medium=email&amp;at_emailtype=retention&amp;at_campaign=nlh20260402\">Suzuki eVitara &#8211; Premi\u00e8res impressions &#8211; Actualit\u00e9 &#8211; UFC-Que Choisir<\/a><\/li>\n<\/ul>\n\n\n<div class=\"wp-block-image\">\n<figure class=\"aligncenter size-large is-resized\"><img decoding=\"async\" src=\"https:\/\/im.qccdn.fr\/node\/actualite-suzuki-evitara-premieres-impressions-175294\/thumbnail_800x480px-157702.jpg\" alt=\"\" style=\"aspect-ratio:1.6666666947365514;width:270px;height:auto\"\/><\/figure>\n<\/div>\n\n\n<ul class=\"wp-block-list\">\n<li>La Dacia Sandero et la Sandero Stepway : <a href=\"https:\/\/www.quechoisir.org\/actualite-dacia-sandero-et-sandero-stepway-2026-premieres-impressions-n174562\/?utm_medium=email&amp;utm_source=nlh&amp;utm_campaign=nlh20260226&amp;at_medium=email&amp;at_emailtype=retention&amp;at_campaign=nlh20260226\">Dacia Sandero et Sandero Stepway (2026) &#8211; Premi\u00e8res impressions &#8211; Actualit\u00e9 &#8211; UFC-Que Choisir<\/a><\/li>\n<\/ul>\n\n\n<div class=\"wp-block-image\">\n<figure class=\"aligncenter size-large is-resized\"><img decoding=\"async\" src=\"https:\/\/im.qccdn.fr\/node\/actualite-dacia-sandero-et-sandero-stepway-2026-premieres-impressions-174562\/thumbnail_800x480px-156674.jpg\" alt=\"\" style=\"aspect-ratio:1.6666666344343288;width:275px;height:auto\"\/><\/figure>\n<\/div>\n\n\n<ul class=\"wp-block-list\">\n<li>la Ford Kuga FHEV E85 : <a href=\"https:\/\/www.quechoisir.org\/actualite-ford-kuga-fhev-e85-premieres-impressions-n174318\/?utm_medium=email&amp;utm_source=nlh&amp;utm_campaign=nlh20260219&amp;at_medium=email&amp;at_emailtype=retention&amp;at_campaign=nlh20260219\">Ford Kuga FHEV E85 &#8211; Premi\u00e8res impressions &#8211; Actualit\u00e9 &#8211; UFC-Que Choisir<\/a><\/li>\n<\/ul>\n\n\n<div class=\"wp-block-image\">\n<figure class=\"aligncenter size-large is-resized\"><img decoding=\"async\" src=\"https:\/\/im.qccdn.fr\/node\/actualite-ford-kuga-fhev-e85-premieres-impressions-174318\/thumbnail_800x480px-156310.jpg\" alt=\"\" style=\"width:274px;height:auto\"\/><\/figure>\n<\/div>\n\n\n<ul class=\"wp-block-list\">\n<li>la DS n\u00b04 : <a href=\"https:\/\/www.quechoisir.org\/actualite-ds-n-4-premieres-impressions-n173782\/?utm_medium=email&amp;utm_source=nlh&amp;utm_campaign=nlh20260122&amp;at_medium=email&amp;at_emailtype=retention&amp;at_campaign=nlh20260122\">DS N\u00b04 &#8211; Premi\u00e8res impressions &#8211; Actualit\u00e9 &#8211; UFC-Que Choisir<\/a><\/li>\n<\/ul>\n\n\n<div class=\"wp-block-image\">\n<figure class=\"aligncenter size-large is-resized\"><img decoding=\"async\" src=\"https:\/\/im.qccdn.fr\/node\/actualite-ds-n-4-premieres-impressions-173782\/thumbnail_800x480px-155278.jpg\" alt=\"\" style=\"width:261px;height:auto\"\/><\/figure>\n<\/div>\n\n\n<ul class=\"wp-block-list\">\n<li>l&rsquo;Opel Frontera : <a href=\"https:\/\/www.quechoisir.org\/actualite-opel-frontera-2026-premieres-impressions-n173578\/?utm_medium=email&amp;utm_source=nlh&amp;utm_campaign=nlh20260115&amp;at_medium=email&amp;at_emailtype=retention&amp;at_campaign=nlh20260115\"><\/a><a href=\"https:\/\/www.quechoisir.org\/actualite-opel-frontera-2026-premieres-impressions-n173578\/?utm_medium=email&amp;utm_source=nlh&amp;utm_campaign=nlh20260115&amp;at_medium=email&amp;at_emailtype=retention&amp;at_campaign=nlh20260115\">Opel Frontera (2026) &#8211; Premi\u00e8res impressions &#8211; Actualit\u00e9 &#8211; UFC-Que Choisir<\/a><\/li>\n<\/ul>\n\n\n<div class=\"wp-block-image\">\n<figure class=\"aligncenter size-large is-resized\"><img decoding=\"async\" src=\"https:\/\/im.qccdn.fr\/node\/actualite-opel-frontera-2026-premieres-impressions-173578\/thumbnail_800x480px-154986.jpg\" alt=\"\" style=\"width:269px;height:auto\"\/><\/figure>\n<\/div>\n\n\n<ul class=\"wp-block-list\">\n<li>La BYD Sealion 5 DM-i : <a href=\"https:\/\/www.quechoisir.org\/actualite-byd-sealion-5-dm-i-premieres-impressions-n173482\/?utm_medium=email&amp;utm_source=nlh&amp;utm_campaign=nlh20260108&amp;at_medium=email&amp;at_emailtype=retention&amp;at_campaign=nlh20260108\">BYD Sealion 5 DM-i &#8211; Premi\u00e8res impressions &#8211; Actualit\u00e9 &#8211; UFC-Que Choisir<\/a><\/li>\n<\/ul>\n\n\n<div class=\"wp-block-image\">\n<figure class=\"aligncenter size-large is-resized\"><img decoding=\"async\" src=\"https:\/\/im.qccdn.fr\/node\/actualite-byd-sealion-5-dm-i-premieres-impressions-173482\/thumbnail_800x480px-154098.jpg\" alt=\"\" style=\"width:260px;height:auto\"\/><\/figure>\n<\/div>\n\n\n<ul class=\"wp-block-list\">\n<li>La Volkswagen T-Roc : <a href=\"https:\/\/www.quechoisir.org\/actualite-volkswagen-t-roc-2026-premieres-impressions-n173270\/?utm_medium=email&amp;utm_source=nlh&amp;utm_campaign=nlh20251218&amp;at_medium=email&amp;at_emailtype=retention&amp;at_campaign=nlh20251218\">Volkswagen T-Roc (2026) &#8211; Premi\u00e8res impressions &#8211; Actualit\u00e9 &#8211; UFC-Que Choisir<\/a><\/li>\n<\/ul>\n\n\n<div class=\"wp-block-image\">\n<figure class=\"aligncenter size-large is-resized\"><img decoding=\"async\" src=\"https:\/\/im.qccdn.fr\/node\/actualite-volkswagen-t-roc-2026-premieres-impressions-173270\/thumbnail_800x480px-153702.jpg\" alt=\"\" style=\"aspect-ratio:1.6666667376047872;width:255px;height:auto\"\/><\/figure>\n<\/div>\n\n\n<ul class=\"wp-block-list\">\n<li>la Peugeot 308 : <a href=\"https:\/\/www.quechoisir.org\/actualite-peugeot-308-2025-premieres-impressions-n172922\/?utm_medium=email&amp;utm_source=nlh&amp;utm_campaign=nlh20251204&amp;at_medium=email&amp;at_emailtype=retention&amp;at_campaign=nlh20251204\">Peugeot 308 (2025) &#8211; Premi\u00e8res impressions &#8211; Actualit\u00e9 &#8211; UFC-Que Choisir<\/a><\/li>\n<\/ul>\n\n\n<div class=\"wp-block-image\">\n<figure class=\"aligncenter size-large is-resized\"><img decoding=\"async\" src=\"https:\/\/im.qccdn.fr\/node\/actualite-peugeot-308-2025-premieres-impressions-172922\/thumbnail_800x480px-153274.jpg\" alt=\"\" style=\"width:268px;height:auto\"\/><\/figure>\n<\/div>\n\n\n<ul class=\"wp-block-list\">\n<li>la CLIO 6 : <a href=\"https:\/\/www.quechoisir.org\/actualite-renault-clio-6-2025-premieres-impressions-n172828\/?utm_medium=email&amp;utm_source=nlh&amp;utm_campaign=nlh20251127&amp;at_medium=email&amp;at_emailtype=retention&amp;at_campaign=nlh20251127\">Renault Clio&nbsp;6 (2025) &#8211; Premi\u00e8res impressions &#8211; Actualit\u00e9 &#8211; UFC-Que Choisir<\/a><\/li>\n<\/ul>\n\n\n<div class=\"wp-block-image\">\n<figure class=\"aligncenter size-large is-resized\"><img decoding=\"async\" src=\"https:\/\/im.qccdn.fr\/node\/actualite-renault-clio-6-2025-premieres-impressions-172828\/thumbnail_800x480px-153016.jpg\" alt=\"\" style=\"width:271px;height:auto\"\/><\/figure>\n<\/div>\n\n\n<ul class=\"wp-block-list\">\n<li>la Citro\u00ebn C5 Aircross : <a href=\"https:\/\/www.quechoisir.org\/actualite-citroen-c5-aircross-2025-premieres-impressions-n172500\/?utm_medium=email&amp;utm_source=nlh&amp;utm_campaign=nlh20251120&amp;at_medium=email&amp;at_emailtype=retention&amp;at_campaign=nlh20251120\">Citro\u00ebn&nbsp;C5 Aircross (2025) &#8211; Premi\u00e8res impressions &#8211; Actualit\u00e9 &#8211; UFC-Que Choisir<\/a><\/li>\n<\/ul>\n\n\n<div class=\"wp-block-image\">\n<figure class=\"aligncenter size-large is-resized\"><img decoding=\"async\" src=\"https:\/\/im.qccdn.fr\/node\/actualite-citroen-c5-aircross-2025-premieres-impressions-172500\/thumbnail_800x480px-152540.jpg\" alt=\"\" style=\"width:272px;height:auto\"\/><\/figure>\n<\/div>\n\n\n<ul class=\"wp-block-list\">\n<li>la Mitsubishi Grandis : <a href=\"https:\/\/www.quechoisir.org\/actualite-mitsubishi-grandis-premieres-impressions-n172344\/?utm_medium=email&amp;utm_source=nlh&amp;utm_campaign=nlh20251106&amp;at_medium=email&amp;at_emailtype=retention&amp;at_campaign=nlh20251106\">Mitsubishi Grandis &#8211; Premi\u00e8res impressions &#8211; Actualit\u00e9 &#8211; UFC-Que Choisir<\/a><\/li>\n<\/ul>\n\n\n<div class=\"wp-block-image\">\n<figure class=\"aligncenter size-large is-resized\"><img decoding=\"async\" src=\"https:\/\/im.qccdn.fr\/node\/actualite-mitsubishi-grandis-premieres-impressions-172344\/thumbnail_800x480px-152324.jpg\" alt=\"\" style=\"width:284px;height:auto\"\/><\/figure>\n<\/div>\n\n\n<ul class=\"wp-block-list\">\n<li>la Mercedes Cla : <a href=\"https:\/\/www.quechoisir.org\/actualite-electricite-que-vaut-l-offre-d-engie-qui-annonce-2-h-gratuites-l-apres-midi-n171880\/?at_campaign=nlh20251016&amp;at_emailtype=retention&amp;at_medium=email&amp;utm_campaign=nlh20251016&amp;utm_medium=email&amp;utm_source=nlh\"><\/a><a href=\"https:\/\/www.quechoisir.org\/actualite-mercedes-cla-2025-premieres-impressions-n171868\/?at_campaign=nlh20251016&amp;at_emailtype=retention&amp;at_medium=email&amp;utm_campaign=nlh20251016&amp;utm_medium=email&amp;utm_source=nlh\">Mercedes CLA (2025) &#8211; Premi\u00e8res impressions &#8211; Actualit\u00e9 &#8211; UFC-Que Choisir<\/a><\/li>\n<\/ul>\n\n\n<div class=\"wp-block-image\">\n<figure class=\"aligncenter size-large is-resized\"><img decoding=\"async\" src=\"https:\/\/im.qccdn.fr\/node\/actualite-mercedes-cla-2025-premieres-impressions-171868\/thumbnail_800x480px-151616.jpg\" alt=\"\" style=\"width:290px;height:auto\"\/><\/figure>\n<\/div>\n\n\n<ul class=\"wp-block-list\">\n<li>la Kia EV4 : <a href=\"https:\/\/www.quechoisir.org\/actualite-kia-ev4-premieres-impressions-n171364\/?utm_medium=email&amp;utm_source=nlh&amp;utm_campaign=nlh20250925&amp;at_medium=email&amp;at_emailtype=retention&amp;at_campaign=nlh20250925\">Kia EV4 &#8211; Premi\u00e8res impressions &#8211; Actualit\u00e9 &#8211; UFC-Que Choisir<\/a><\/li>\n<\/ul>\n\n\n<div class=\"wp-block-image\">\n<figure class=\"aligncenter size-large is-resized\"><img decoding=\"async\" src=\"https:\/\/im.qccdn.fr\/node\/actualite-kia-ev4-premieres-impressions-171364\/thumbnail_800x480px-151044.jpg\" alt=\"\" style=\"width:293px;height:auto\"\/><\/figure>\n<\/div>\n\n\n<ul class=\"wp-block-list\">\n<li>La Seal 6 DM-i : <a href=\"https:\/\/www.quechoisir.org\/actualite-byd-seal-6-dm-i-premieres-impressions-n170768\/?utm_medium=email&amp;utm_source=nlh&amp;utm_campaign=nlh20250911&amp;at_medium=email&amp;at_emailtype=retention&amp;at_campaign=nlh20250911\">BYD Seal 6&nbsp;DM-i &#8211; Premi\u00e8res impressions &#8211; Actualit\u00e9 &#8211; UFC-Que Choisir<\/a><\/li>\n<\/ul>\n\n\n<div class=\"wp-block-image\">\n<figure class=\"aligncenter size-large is-resized\"><img decoding=\"async\" src=\"https:\/\/im.qccdn.fr\/node\/actualite-byd-seal-6-dm-i-premieres-impressions-170768\/thumbnail_800x480px-150460.jpg\" alt=\"\" style=\"width:288px;height:auto\"\/><\/figure>\n<\/div>\n\n\n<ul class=\"wp-block-list\">\n<li>La Toyota C-HR hybride rechargeable : <a href=\"https:\/\/www.quechoisir.org\/actualite-toyota-c-hr-hybride-rechargeable-premieres-impressions-n168356\/?utm_medium=email&amp;utm_source=nlh&amp;utm_campaign=nlh20250710&amp;at_medium=email&amp;at_emailtype=retention&amp;at_campaign=nlh20250710\">Toyota C-HR hybride rechargeable &#8211; Premi\u00e8res impressions &#8211; Actualit\u00e9 &#8211; UFC-Que Choisir<\/a><\/li>\n<\/ul>\n\n\n<div class=\"wp-block-image\">\n<figure class=\"aligncenter size-large is-resized\"><img decoding=\"async\" src=\"https:\/\/im.qccdn.fr\/node\/actualite-toyota-c-hr-hybride-rechargeable-premieres-impressions-168356\/thumbnail_800x480px-148962.jpg\" alt=\"\" style=\"width:302px;height:auto\"\/><\/figure>\n<\/div>\n\n\n<ul class=\"wp-block-list\">\n<li>La Jeep Avenger 4xe : <a href=\"https:\/\/www.quechoisir.org\/actualite-jeep-avenger-4xe-premieres-impressions-n167452\/?utm_medium=email&amp;utm_source=nlh&amp;utm_campaign=nlh20250612&amp;at_medium=email&amp;at_emailtype=retention&amp;at_campaign=nlh20250612\">Jeep Avenger 4xe &#8211; Premi\u00e8res impressions &#8211; Actualit\u00e9 &#8211; UFC-Que Choisir<\/a><\/li>\n<\/ul>\n\n\n<div class=\"wp-block-image\">\n<figure class=\"aligncenter size-large is-resized\"><img decoding=\"async\" src=\"https:\/\/im.qccdn.fr\/node\/actualite-jeep-avenger-4xe-premieres-impressions-167452\/thumbnail_800x480px-148136.jpg\" alt=\"\" style=\"width:303px;height:auto\"\/><\/figure>\n<\/div>\n\n\n<ul class=\"wp-block-list\">\n<li>La Ford Grand Tourneo Connect PHEV : <a href=\"https:\/\/www.quechoisir.org\/actualite-ford-grand-tourneo-connect-phev-premieres-impressions-n166852\/?utm_medium=email&amp;utm_source=nlh&amp;utm_campaign=nlh20250522&amp;at_medium=email&amp;at_emailtype=retention&amp;at_campaign=nlh20250522\">Ford Grand Tourneo Connect PHEV &#8211; Premi\u00e8res impressions &#8211; Actualit\u00e9 &#8211; UFC-Que Choisir<\/a><\/li>\n<\/ul>\n\n\n<div class=\"wp-block-image\">\n<figure class=\"aligncenter size-large is-resized\"><img decoding=\"async\" src=\"https:\/\/im.qccdn.fr\/node\/actualite-ford-grand-tourneo-connect-phev-premieres-impressions-166852\/thumbnail_800x480px-147676.jpg\" alt=\"\" style=\"width:313px;height:auto\"\/><\/figure>\n<\/div>\n\n\n<ul class=\"wp-block-list\">\n<li>La Mitsubishi Outlander PHEV : <a href=\"https:\/\/www.quechoisir.org\/actualite-mitsubishi-outlander-phev-2025-premieres-impressions-n166116\/?utm_medium=email&amp;utm_source=nlh&amp;utm_campaign=nlh20250424&amp;at_medium=email&amp;at_emailtype=retention&amp;at_campaign=nlh20250424\">Mitsubishi Outlander PHEV (2025) &#8211; Premi\u00e8res impressions &#8211; Actualit\u00e9 &#8211; UFC-Que Choisir<\/a><\/li>\n<\/ul>\n\n\n<div class=\"wp-block-image\">\n<figure class=\"aligncenter size-large is-resized\"><img decoding=\"async\" src=\"https:\/\/im.qccdn.fr\/node\/actualite-mitsubishi-outlander-phev-2025-premieres-impressions-166116\/thumbnail_800x480px-146804.jpg\" alt=\"\" style=\"width:306px;height:auto\"\/><\/figure>\n<\/div>\n\n\n<ul class=\"wp-block-list\">\n<li>La Dacia Bigster : <a href=\"https:\/\/www.quechoisir.org\/actualite-dacia-bigster-premieres-impressions-n165524\/?utm_medium=email&amp;utm_source=nlh&amp;utm_campaign=nlh20250410&amp;at_medium=email&amp;at_emailtype=retention&amp;at_campaign=nlh20250410\">Dacia Bigster &#8211; Premi\u00e8res impressions &#8211; Actualit\u00e9 &#8211; UFC-Que Choisir<\/a><\/li>\n<\/ul>\n\n\n<div class=\"wp-block-image\">\n<figure class=\"aligncenter size-full is-resized\"><img loading=\"lazy\" decoding=\"async\" width=\"800\" height=\"480\" src=\"https:\/\/ufc-que-choisir-lauragais.fr\/wp-content\/uploads\/2025\/04\/image-2.png\" alt=\"\" class=\"wp-image-3080\" style=\"width:235px;height:auto\"\/><\/figure>\n<\/div>\n\n\n<ul class=\"wp-block-list\">\n<li>La Renault 5 E-Tech \u00e9lectrique : <a href=\"https:\/\/www.quechoisir.org\/actualite-renault-5-e-tech-electric-premieres-impressions-n165440\/?utm_medium=email&amp;utm_source=nlh&amp;utm_campaign=nlh20250403&amp;at_medium=email&amp;at_emailtype=retention&amp;at_campaign=nlh20250403\">Renault 5 E-Tech Electric &#8211; Premi\u00e8res impressions &#8211; Actualit\u00e9 &#8211; UFC-Que Choisir<\/a><\/li>\n<\/ul>\n\n\n<div class=\"wp-block-image\">\n<figure class=\"aligncenter size-full is-resized\"><img loading=\"lazy\" decoding=\"async\" width=\"800\" height=\"480\" src=\"https:\/\/ufc-que-choisir-lauragais.fr\/wp-content\/uploads\/2025\/03\/image-3.png\" alt=\"\" class=\"wp-image-3045\" style=\"width:220px;height:auto\"\/><\/figure>\n<\/div>\n\n\n<ul class=\"wp-block-list\">\n<li>Le Volkswagen Tayron : <a href=\"https:\/\/www.quechoisir.org\/actualite-volkswagen-tayron-premieres-impressions-n165052\/?utm_medium=email&amp;utm_source=nlh&amp;utm_campaign=nlh20250320&amp;at_medium=email&amp;at_emailtype=retention&amp;at_campaign=nlh20250320\">Volkswagen Tayron &#8211; Premi\u00e8res impressions &#8211; Actualit\u00e9 &#8211; UFC-Que Choisir<\/a><\/li>\n<\/ul>\n\n\n<div class=\"wp-block-image\">\n<figure class=\"aligncenter size-large is-resized\"><img decoding=\"async\" src=\"https:\/\/im.qccdn.fr\/node\/actualite-volkswagen-tayron-premieres-impressions-165052\/thumbnail_800x480px-145500.jpg\" alt=\"\" style=\"width:251px;height:auto\"\/><\/figure>\n<\/div>\n\n\n<ul class=\"wp-block-list\">\n<li>La Lexus LBX : <a href=\"https:\/\/www.quechoisir.org\/actualite-lexus-lbx-premieres-impressions-n149652\/?utm_medium=email&amp;utm_source=nlh&amp;utm_campaign=nlh20250313&amp;at_medium=email&amp;at_emailtype=retention&amp;at_campaign=nlh20250313\">Lexus LBX &#8211; Premi\u00e8res impressions &#8211; Actualit\u00e9 &#8211; UFC-Que Choisir<\/a><\/li>\n<\/ul>\n\n\n<div class=\"wp-block-image\">\n<figure class=\"aligncenter size-large is-resized\"><img decoding=\"async\" src=\"https:\/\/im.qccdn.fr\/node\/actualite-lexus-lbx-premieres-impressions-149652\/thumbnail_800x480px-145028.jpg\" alt=\"\" style=\"width:255px;height:auto\"\/><\/figure>\n<\/div>\n\n\n<ul class=\"wp-block-list\">\n<li>L&rsquo;Audi A3 hybride rechargeable : <a href=\"https:\/\/www.quechoisir.org\/actualite-audi-a3-hybride-rechargeable-premieres-impressions-n149500\/?utm_medium=email&amp;utm_source=nlh&amp;utm_campaign=nlh20250227&amp;at_medium=email&amp;at_emailtype=retention&amp;at_campaign=nlh20250227\">Audi A3 Hybride rechargeable &#8211; Premi\u00e8res impressions &#8211; Actualit\u00e9 &#8211; UFC-Que Choisir<\/a><\/li>\n<\/ul>\n\n\n<div class=\"wp-block-image\">\n<figure class=\"aligncenter size-large is-resized\"><img decoding=\"async\" src=\"https:\/\/im.qccdn.fr\/node\/actualite-audi-a3-hybride-rechargeable-premieres-impressions-149500\/thumbnail_800x480px-144760.jpg\" alt=\"\" style=\"width:254px;height:auto\"\/><\/figure>\n<\/div>\n\n\n<ul class=\"wp-block-list\">\n<li>La Citro\u00ebn C3 Aircross : <a href=\"https:\/\/www.quechoisir.org\/actualite-citroen-c3-aircross-premieres-impressions-n149348\/?utm_medium=email&amp;utm_source=nlh&amp;utm_campaign=nlh20250220&amp;at_medium=email&amp;at_emailtype=retention&amp;at_campaign=nlh20250220\">Citro\u00ebn C3 Aircross &#8211; Premi\u00e8res impressions &#8211; Actualit\u00e9 &#8211; UFC-Que Choisir<\/a><\/li>\n<\/ul>\n\n\n<div class=\"wp-block-image\">\n<figure class=\"aligncenter size-large is-resized\"><img decoding=\"async\" src=\"https:\/\/im.qccdn.fr\/node\/actualite-citroen-c3-aircross-premieres-impressions-149348\/thumbnail_800x480px-144504.jpg\" alt=\"\" style=\"width:251px;height:auto\"\/><\/figure>\n<\/div>\n\n\n<ul class=\"wp-block-list\">\n<li>La Hyundai Inster : <a href=\"https:\/\/www.quechoisir.org\/actualite-hyundai-inster-premieres-impressions-n149020\/?utm_medium=email&amp;utm_source=nlh&amp;utm_campaign=nlh20250206&amp;at_medium=email&amp;at_emailtype=retention&amp;at_campaign=nlh20250206\">Hyundai Inster &#8211; Premi\u00e8res impressions &#8211; Actualit\u00e9 &#8211; UFC-Que Choisir<\/a><\/li>\n<\/ul>\n\n\n<div class=\"wp-block-image\">\n<figure class=\"aligncenter size-large is-resized\"><img decoding=\"async\" src=\"https:\/\/im.qccdn.fr\/node\/actualite-hyundai-inster-premieres-impressions-149020\/thumbnail_800x480px-144016.jpg\" alt=\"\" style=\"width:246px;height:auto\"\/><\/figure>\n<\/div>\n\n\n<ul class=\"wp-block-list\">\n<li>La Renault Rafale hybride rechargeable : <a href=\"https:\/\/www.quechoisir.org\/actualite-renault-rafale-hybride-rechargeable-premieres-impressions-n148170\/?utm_medium=email&amp;utm_source=nlh&amp;utm_campaign=nlh20250109&amp;at_medium=email&amp;at_emailtype=retention&amp;at_campaign=nlh20250109\">Renault Rafale hybride rechargeable &#8211; Premi\u00e8res impressions &#8211; Actualit\u00e9 &#8211; UFC-Que Choisir<\/a><\/li>\n<\/ul>\n\n\n<div class=\"wp-block-image\">\n<figure class=\"aligncenter size-large is-resized\"><img decoding=\"async\" src=\"https:\/\/im.qccdn.fr\/node\/actualite-renault-rafale-hybride-rechargeable-premieres-impressions-148170\/thumbnail_800x480px-143034.jpg\" alt=\"\" style=\"width:215px;height:auto\"\/><\/figure>\n<\/div>\n\n\n<ul class=\"wp-block-list\">\n<li>La Tesla Model Y : <a href=\"https:\/\/www.quechoisir.org\/actualite-tesla-model-y-2024-premieres-impressions-n147834\/?utm_medium=email&amp;utm_source=nlh&amp;utm_campaign=nlh20241218&amp;at_medium=email&amp;at_emailtype=retention&amp;at_campaign=nlh20241218\">Tesla Model Y (2024) &#8211; Premi\u00e8res impressions &#8211; Actualit\u00e9 &#8211; UFC-Que Choisir<\/a><\/li>\n<\/ul>\n\n\n<div class=\"wp-block-image\">\n<figure class=\"aligncenter size-large is-resized\"><img decoding=\"async\" src=\"https:\/\/im.qccdn.fr\/node\/actualite-tesla-model-y-2024-premieres-impressions-147834\/thumbnail_800x480px-142734.jpg\" alt=\"\" style=\"width:219px;height:auto\"\/><\/figure>\n<\/div>\n\n\n<ul class=\"wp-block-list\">\n<li>La Ford Capri : <a href=\"https:\/\/www.quechoisir.org\/actualite-ford-capri-premieres-impressions-n132454\/?utm_medium=email&amp;utm_source=nlh&amp;utm_campaign=nlh20241120&amp;at_medium=email&amp;at_emailtype=retention&amp;at_campaign=nlh20241120\">Ford Capri &#8211; Premi\u00e8res impressions &#8211; Actualit\u00e9 &#8211; UFC-Que Choisir<\/a><\/li>\n<\/ul>\n\n\n<div class=\"wp-block-image\">\n<figure class=\"aligncenter size-large is-resized\"><img decoding=\"async\" src=\"https:\/\/im.qccdn.fr\/node\/actualite-ford-capri-premieres-impressions-132454\/thumbnail_800x480px-141710.jpg\" alt=\"\" style=\"width:227px;height:auto\"\/><\/figure>\n<\/div>\n\n\n<ul class=\"wp-block-list\">\n<li>La Renault Symbioz : <a href=\"https:\/\/www.quechoisir.org\/actualite-renault-symbioz-premieres-impressions-n132238\/?utm_medium=email&amp;utm_source=nlh&amp;utm_campaign=nlh20241030&amp;at_medium=email&amp;at_emailtype=retention&amp;at_campaign=nlh20241030\">Renault Symbioz &#8211; Premi\u00e8res impressions &#8211; Actualit\u00e9 &#8211; UFC-Que Choisir<\/a><\/li>\n<\/ul>\n\n\n<div class=\"wp-block-image\">\n<figure class=\"aligncenter size-full is-resized\"><img loading=\"lazy\" decoding=\"async\" width=\"800\" height=\"480\" src=\"https:\/\/ufc-que-choisir-lauragais.fr\/wp-content\/uploads\/2024\/09\/image-5.png\" alt=\"\" class=\"wp-image-2764\" style=\"width:192px;height:auto\"\/><\/figure>\n<\/div>\n\n\n<ul class=\"wp-block-list\">\n<li>La Ford Explorer 2024 : <a href=\"https:\/\/www.quechoisir.org\/actualite-ford-explorer-2024-premieres-impressions-n132042\/?utm_medium=email&amp;utm_source=nlh&amp;utm_campaign=nlh20241023&amp;at_medium=email&amp;at_emailtype=retention&amp;at_campaign=nlh20241023\">Ford Explorer 2024 &#8211; Premi\u00e8res impressions &#8211; Actualit\u00e9 &#8211; UFC-Que Choisir<\/a><\/li>\n<\/ul>\n\n\n<div class=\"wp-block-image\">\n<figure class=\"aligncenter size-full is-resized\"><img loading=\"lazy\" decoding=\"async\" width=\"800\" height=\"480\" src=\"https:\/\/ufc-que-choisir-lauragais.fr\/wp-content\/uploads\/2024\/09\/image-4.png\" alt=\"\" class=\"wp-image-2757\" style=\"width:199px;height:auto\"\/><\/figure>\n<\/div>\n\n\n<ul class=\"wp-block-list\">\n<li>La Suzuki Vitara : <a href=\"https:\/\/www.quechoisir.org\/actualite-suzuki-vitara-premieres-impressions-n131858\/?utm_medium=email&amp;utm_source=nlh&amp;utm_campaign=nlh20241016&amp;at_medium=email&amp;at_emailtype=retention&amp;at_campaign=nlh20241016\">Suzuki Vitara &#8211; Premi\u00e8res impressions &#8211; Actualit\u00e9 &#8211; UFC-Que Choisir<\/a><\/li>\n<\/ul>\n\n\n<div class=\"wp-block-image\">\n<figure class=\"aligncenter size-full is-resized\"><img loading=\"lazy\" decoding=\"async\" width=\"800\" height=\"480\" src=\"https:\/\/ufc-que-choisir-lauragais.fr\/wp-content\/uploads\/2024\/09\/image-3.png\" alt=\"\" class=\"wp-image-2753\" style=\"width:202px;height:auto\"\/><\/figure>\n<\/div>\n\n\n<ul class=\"wp-block-list\">\n<li>La XPeng G9 : <a href=\"https:\/\/www.quechoisir.org\/actualite-xpeng-g9-premieres-impressions-n130594\/?utm_medium=email&amp;utm_source=nlh&amp;utm_campaign=nlh20240829&amp;at_medium=email&amp;at_emailtype=retention&amp;at_campaign=nlh20240829\">XPeng G9 &#8211; Premi\u00e8res impressions &#8211; Actualit\u00e9 &#8211; UFC-Que Choisir<\/a><\/li>\n<\/ul>\n\n\n<div class=\"wp-block-image\">\n<figure class=\"aligncenter size-full is-resized\"><img loading=\"lazy\" decoding=\"async\" width=\"800\" height=\"480\" src=\"https:\/\/ufc-que-choisir-lauragais.fr\/wp-content\/uploads\/2024\/06\/image-10.png\" alt=\"\" class=\"wp-image-2711\" style=\"width:191px;height:auto\"\/><\/figure>\n<\/div>\n\n\n<ul class=\"wp-block-list\">\n<li>La Hyundai Bayon : <a href=\"https:\/\/www.quechoisir.org\/actualite-hyundai-bayon-premieres-impressions-n128446\/?utm_medium=email&amp;utm_source=nlh&amp;utm_campaign=nlh20240717&amp;at_medium=email&amp;at_emailtype=retention&amp;at_campaign=nlh20240717\">Hyundai Bayon &#8211; Premi\u00e8res impressions &#8211; Actualit\u00e9 &#8211; UFC-Que Choisir<\/a><\/li>\n<\/ul>\n\n\n<div class=\"wp-block-image\">\n<figure class=\"aligncenter size-large is-resized\"><img decoding=\"async\" src=\"https:\/\/im.qccdn.fr\/node\/actualite-hyundai-bayon-premieres-impressions-128446\/thumbnail_800x480px-138770.jpg\" alt=\"\" style=\"width:192px;height:auto\"\/><\/figure>\n<\/div>\n\n\n<ul class=\"wp-block-list\">\n<li>La Volkswagen Golf 8 : <a href=\"https:\/\/www.quechoisir.org\/actualite-volkswagen-golf-8-premieres-impressions-n127770\/?utm_medium=email&amp;utm_source=nlh&amp;utm_campaign=nlh20240710&amp;at_medium=email&amp;at_emailtype=retention&amp;at_campaign=nlh20240710\">Volkswagen Golf&nbsp;8 (2024) &#8211; Premi\u00e8res impressions &#8211; Actualit\u00e9 &#8211; UFC-Que Choisir<\/a><\/li>\n<\/ul>\n\n\n<div class=\"wp-block-image\">\n<figure class=\"aligncenter size-full is-resized\"><img loading=\"lazy\" decoding=\"async\" width=\"800\" height=\"480\" src=\"https:\/\/ufc-que-choisir-lauragais.fr\/wp-content\/uploads\/2024\/07\/image-4.png\" alt=\"\" class=\"wp-image-2678\" style=\"width:215px;height:auto\"\/><\/figure>\n<\/div>\n\n\n<ul class=\"wp-block-list\">\n<li>La Dacia Duster : <a href=\"https:\/\/www.quechoisir.org\/actualite-dacia-duster-2024-premieres-impressions-n127122\/?utm_medium=email&amp;utm_source=nlh&amp;utm_campaign=nlh20240703&amp;at_medium=email&amp;at_emailtype=retention&amp;at_campaign=nlh20240703\">Dacia Duster (2024) &#8211; Premi\u00e8res impressions &#8211; Actualit\u00e9 &#8211; UFC-Que Choisir<\/a><\/li>\n<\/ul>\n\n\n<div class=\"wp-block-image\">\n<figure class=\"aligncenter size-full is-resized\"><img loading=\"lazy\" decoding=\"async\" width=\"800\" height=\"480\" src=\"https:\/\/ufc-que-choisir-lauragais.fr\/wp-content\/uploads\/2024\/07\/image-2.png\" alt=\"\" class=\"wp-image-2668\" style=\"width:211px;height:auto\"\/><\/figure>\n<\/div>\n\n\n<ul class=\"wp-block-list\">\n<li>l&rsquo;Audi A3 2024 : <a href=\"https:\/\/www.quechoisir.org\/actualite-gaz-la-facture-augmentera-de-11-7-en-juillet-n125062\/?utm_medium=email&amp;utm_source=nlh&amp;utm_campaign=nlh20240612&amp;at_medium=email&amp;at_emailtype=retention&amp;at_campaign=nlh20240612\"><\/a><a href=\"https:\/\/www.quechoisir.org\/actualite-audi-a3-2024-premieres-impressions-n124886\/?utm_medium=email&amp;utm_source=nlh&amp;utm_campaign=nlh20240612&amp;at_medium=email&amp;at_emailtype=retention&amp;at_campaign=nlh20240612\">Audi A3 (2024) &#8211; Premi\u00e8res impressions &#8211; Actualit\u00e9 &#8211; UFC-Que Choisir<\/a><\/li>\n<\/ul>\n\n\n<div class=\"wp-block-image\">\n<figure class=\"aligncenter size-full is-resized\"><img loading=\"lazy\" decoding=\"async\" width=\"800\" height=\"480\" src=\"https:\/\/ufc-que-choisir-lauragais.fr\/wp-content\/uploads\/2024\/06\/image-9.png\" alt=\"\" class=\"wp-image-2651\" style=\"width:193px;height:auto\"\/><\/figure>\n<\/div>\n\n\n<ul class=\"wp-block-list\">\n<li>La Skoda Kodiaq 2024 : <a href=\"https:\/\/www.quechoisir.org\/actualite-skoda-kodiaq-2024-premieres-impressions-n125630\/?utm_medium=email&amp;utm_source=nlh&amp;utm_campaign=nlh20240619&amp;at_medium=email&amp;at_emailtype=retention&amp;at_campaign=nlh20240619\">Skoda Kodiaq (2024) &#8211; Premi\u00e8res impressions &#8211; Actualit\u00e9 &#8211; UFC-Que Choisir<\/a><\/li>\n<\/ul>\n\n\n<div class=\"wp-block-image\">\n<figure class=\"aligncenter size-full is-resized\"><img loading=\"lazy\" decoding=\"async\" width=\"800\" height=\"480\" src=\"https:\/\/ufc-que-choisir-lauragais.fr\/wp-content\/uploads\/2024\/06\/image-6.png\" alt=\"\" class=\"wp-image-2640\" style=\"width:201px;height:auto\"\/><\/figure>\n<\/div>\n\n\n<ul class=\"wp-block-list\">\n<li>La C3 : <a href=\"https:\/\/www.quechoisir.org\/actualite-citroen-c3-2024-premieres-impressions-n124206\/?utm_medium=email&amp;utm_source=nlh&amp;utm_campaign=nlh20240529&amp;at_medium=email&amp;at_emailtype=retention&amp;at_campaign=nlh20240529\">Citro\u00ebn C3 (2024) &#8211; Premi\u00e8res impressions &#8211; Actualit\u00e9 &#8211; UFC-Que Choisir<\/a><\/li>\n<\/ul>\n\n\n<div class=\"wp-block-image\">\n<figure class=\"aligncenter size-full is-resized\"><img loading=\"lazy\" decoding=\"async\" width=\"800\" height=\"480\" src=\"https:\/\/ufc-que-choisir-lauragais.fr\/wp-content\/uploads\/2024\/06\/image-4.png\" alt=\"\" class=\"wp-image-2632\" style=\"width:214px;height:auto\"\/><\/figure>\n<\/div>\n\n\n<ul class=\"wp-block-list\">\n<li>La Suzuki Swift : <a href=\"https:\/\/www.quechoisir.org\/actualite-suzuki-swift-2024-premieres-impressions-n122274\/?utm_medium=email&amp;utm_source=nlh&amp;utm_campaign=nlh20240502&amp;at_medium=email&amp;at_emailtype=retention&amp;at_campaign=nlh20240502\">Suzuki Swift (2024) &#8211; Premi\u00e8res impressions &#8211; Actualit\u00e9 &#8211; UFC-Que Choisir<\/a><\/li>\n<\/ul>\n\n\n<div class=\"wp-block-image\">\n<figure class=\"aligncenter size-full is-resized\"><img loading=\"lazy\" decoding=\"async\" width=\"800\" height=\"480\" src=\"https:\/\/ufc-que-choisir-lauragais.fr\/wp-content\/uploads\/2024\/05\/image.png\" alt=\"\" class=\"wp-image-2573\" style=\"width:205px;height:auto\"\/><\/figure>\n<\/div>\n\n\n<ul class=\"wp-block-list\">\n<li>La Skoda Enyaq 85X : <a href=\"https:\/\/www.quechoisir.org\/actualite-skoda-enyaq-85x-premieres-impressions-n121674\/?utm_medium=email&amp;utm_source=nlh&amp;utm_campaign=nlh20240418&amp;at_medium=email&amp;at_emailtype=retention&amp;at_campaign=nlh20240418\">Skoda Enyaq 85X &#8211; Premi\u00e8res impressions &#8211; Actualit\u00e9 &#8211; UFC-Que Choisir<\/a><\/li>\n<\/ul>\n\n\n<div class=\"wp-block-image\">\n<figure class=\"aligncenter size-full is-resized\"><img loading=\"lazy\" decoding=\"async\" width=\"800\" height=\"480\" src=\"https:\/\/ufc-que-choisir-lauragais.fr\/wp-content\/uploads\/2024\/04\/image-4.png\" alt=\"\" class=\"wp-image-2569\" style=\"width:198px;height:auto\"\/><\/figure>\n<\/div>\n\n\n<ul class=\"wp-block-list\">\n<li>La nouvelle Volkswagen Passat : <a href=\"https:\/\/www.quechoisir.org\/actualite-renovation-energetique-de-nombreux-dossiers-maprimerenov-en-attente-depuis-le-debut-de-l-annee-n120642\/?utm_medium=email&amp;utm_source=nlh&amp;utm_campaign=nlh20240403&amp;at_medium=email&amp;at_emailtype=retention&amp;at_campaign=nlh20240403\"><\/a><a href=\"https:\/\/www.quechoisir.org\/actualite-volkswagen-passat-2024-premieres-impressions-n120634\/?utm_medium=email&amp;utm_source=nlh&amp;utm_campaign=nlh20240403&amp;at_medium=email&amp;at_emailtype=retention&amp;at_campaign=nlh20240403\">Volkswagen Passat (2024) &#8211; Premi\u00e8res impressions &#8211; Actualit\u00e9 &#8211; UFC-Que Choisir<\/a><\/li>\n<\/ul>\n\n\n<div class=\"wp-block-image\">\n<figure class=\"aligncenter size-full is-resized\"><img loading=\"lazy\" decoding=\"async\" width=\"800\" height=\"480\" src=\"https:\/\/ufc-que-choisir-lauragais.fr\/wp-content\/uploads\/2024\/04\/image-1.png\" alt=\"\" class=\"wp-image-2536\" style=\"width:202px;height:auto\"\/><\/figure>\n<\/div>\n\n\n<ul class=\"wp-block-list\">\n<li>La Volkswagen T-Cross : <a href=\"https:\/\/www.quechoisir.org\/actualite-volkswagen-t-cross-2024-premieres-impressions-n119950\/?utm_medium=email&amp;utm_source=nlh&amp;utm_campaign=nlh20240327&amp;at_medium=email&amp;at_emailtype=retention&amp;at_campaign=nlh20240327\">Volkswagen T-Cross (2024) &#8211; Premi\u00e8res impressions &#8211; Actualit\u00e9 &#8211; UFC-Que Choisir<\/a><\/li>\n<\/ul>\n\n\n<div class=\"wp-block-image\">\n<figure class=\"aligncenter size-full is-resized\"><img loading=\"lazy\" decoding=\"async\" width=\"800\" height=\"480\" src=\"https:\/\/ufc-que-choisir-lauragais.fr\/wp-content\/uploads\/2024\/03\/image-11.png\" alt=\"\" class=\"wp-image-2518\" style=\"width:209px;height:auto\"\/><\/figure>\n<\/div>\n\n\n<ul class=\"wp-block-list\">\n<li>La Renault Scenic E-Tech Electric : <a href=\"https:\/\/www.quechoisir.org\/actualite-renault-scenic-e-tech-electric-2024-premieres-impressions-n118994\/?utm_medium=email&amp;utm_source=nlh&amp;utm_campaign=nlh20240314&amp;at_medium=email&amp;at_emailtype=retention&amp;at_campaign=nlh20240314\">Renault Scenic E-Tech Electric (2024) &#8211; Premi\u00e8res impressions &#8211; Actualit\u00e9 &#8211; UFC-Que Choisir<\/a><\/li>\n<\/ul>\n\n\n<div class=\"wp-block-image\">\n<figure class=\"aligncenter size-full is-resized\"><img loading=\"lazy\" decoding=\"async\" width=\"800\" height=\"480\" src=\"https:\/\/ufc-que-choisir-lauragais.fr\/wp-content\/uploads\/2024\/03\/image-8.png\" alt=\"\" class=\"wp-image-2503\" style=\"width:220px;height:auto\"\/><\/figure>\n<\/div>\n\n\n<ul class=\"wp-block-list\">\n<li>La Peugeot E-3008 : <a href=\"https:\/\/www.quechoisir.org\/actualite-peugeot-e-3008-premieres-impressions-n118398\/?utm_medium=email&amp;utm_source=nlh&amp;utm_campaign=nlh20240306&amp;at_medium=email&amp;at_emailtype=retention&amp;at_campaign=nlh20240306\">Peugeot E-3008 &#8211; Premi\u00e8res impressions &#8211; Actualit\u00e9 &#8211; UFC-Que Choisir<\/a><\/li>\n<\/ul>\n\n\n<div class=\"wp-block-image\">\n<figure class=\"aligncenter size-full is-resized\"><img loading=\"lazy\" decoding=\"async\" width=\"800\" height=\"480\" src=\"https:\/\/ufc-que-choisir-lauragais.fr\/wp-content\/uploads\/2024\/03\/image-2.png\" alt=\"\" class=\"wp-image-2481\" style=\"width:226px;height:auto\"\/><\/figure>\n<\/div>\n\n\n<ul class=\"wp-block-list\">\n<li>La Suzuki Across : <a href=\"https:\/\/www.quechoisir.org\/actualite-suzuki-across-2023-premieres-impressions-n115050\/?utm_medium=email&amp;utm_source=nlh&amp;utm_campaign=nlh20240110&amp;at_medium=email&amp;at_emailtype=retention&amp;at_campaign=nlh20240110\">Suzuki Across (2023) &#8211; Premi\u00e8res impressions &#8211; Actualit\u00e9 &#8211; UFC-Que Choisir<\/a><\/li>\n<\/ul>\n\n\n<div class=\"wp-block-image\">\n<figure class=\"aligncenter size-full is-resized\"><img loading=\"lazy\" decoding=\"async\" width=\"800\" height=\"480\" src=\"https:\/\/ufc-que-choisir-lauragais.fr\/wp-content\/uploads\/2024\/01\/image.png\" alt=\"\" class=\"wp-image-2385\" style=\"width:235px;height:auto\"\/><\/figure>\n<\/div>\n\n\n<ul class=\"wp-block-list\">\n<li>La Peugeot 508 : <a href=\"https:\/\/www.quechoisir.org\/actualite-peugeot-508-2023-premieres-impressions-n114830\/?utm_medium=email&amp;utm_source=nlh&amp;utm_campaign=nlh20231220&amp;at_medium=email&amp;at_emailtype=retention&amp;at_campaign=nlh20231220\">Peugeot 508 (2023) &#8211; Premi\u00e8res impressions &#8211; Actualit\u00e9 &#8211; UFC-Que Choisir<\/a><\/li>\n<\/ul>\n\n\n<div class=\"wp-block-image\">\n<figure class=\"aligncenter size-full is-resized\"><img loading=\"lazy\" decoding=\"async\" width=\"800\" height=\"480\" src=\"https:\/\/ufc-que-choisir-lauragais.fr\/wp-content\/uploads\/2023\/12\/image-5.png\" alt=\"\" class=\"wp-image-2364\" style=\"width:234px;height:auto\"\/><\/figure>\n<\/div>\n\n\n<ul class=\"wp-block-list\">\n<li>La Toyota C-HR : <a href=\"https:\/\/www.quechoisir.org\/actualite-toyota-c-hr-premieres-impressions-n113950\/?utm_medium=email&amp;utm_source=nlh&amp;utm_campaign=nlh20231129&amp;at_medium=email&amp;at_emailtype=retention&amp;at_campaign=nlh20231129\">Toyota C-HR (2023) &#8211; Premi\u00e8res impressions &#8211; Actualit\u00e9 &#8211; UFC-Que Choisir<\/a><\/li>\n<\/ul>\n\n\n<div class=\"wp-block-image\">\n<figure class=\"aligncenter size-full is-resized\"><img loading=\"lazy\" decoding=\"async\" width=\"800\" height=\"480\" src=\"https:\/\/ufc-que-choisir-lauragais.fr\/wp-content\/uploads\/2023\/12\/image-1.png\" alt=\"\" class=\"wp-image-2345\" style=\"width:240px;height:auto\"\/><\/figure>\n<\/div>\n\n\n<ul class=\"wp-block-list\">\n<li>La Mitsubishi Colt : <a href=\"https:\/\/www.quechoisir.org\/actualite-mitsubishi-colt-2023-premieres-impressions-n113454\/?utm_medium=email&amp;utm_source=nlh&amp;utm_campaign=nlh20231122&amp;at_medium=email&amp;at_emailtype=retention&amp;at_campaign=nlh20231122\">Mitsubishi Colt (2023) &#8211; Premi\u00e8res impressions &#8211; Actualit\u00e9 &#8211; UFC-Que Choisir<\/a><\/li>\n<\/ul>\n\n\n<div class=\"wp-block-image\">\n<figure class=\"aligncenter size-full is-resized\"><img loading=\"lazy\" decoding=\"async\" width=\"800\" height=\"480\" src=\"https:\/\/ufc-que-choisir-lauragais.fr\/wp-content\/uploads\/2023\/11\/image-7.png\" alt=\"\" class=\"wp-image-2334\" style=\"width:237px;height:auto\"\/><\/figure>\n<\/div>\n\n\n<ul class=\"wp-block-list\">\n<li>La Microlino : <a href=\"https:\/\/www.quechoisir.org\/actualite-microlino-premieres-impressions-n112074\/?utm_medium=email&amp;utm_source=nlh&amp;utm_campaign=nlh20231026&amp;at_medium=email&amp;at_emailtype=retention&amp;at_campaign=nlh20231026\">Microlino &#8211; Premi\u00e8res impressions &#8211; Actualit\u00e9 &#8211; UFC-Que Choisir<\/a><\/li>\n<\/ul>\n\n\n<div class=\"wp-block-image\">\n<figure class=\"aligncenter size-full is-resized\"><img loading=\"lazy\" decoding=\"async\" width=\"1160\" height=\"600\" src=\"https:\/\/ufc-que-choisir-lauragais.fr\/wp-content\/uploads\/2023\/10\/image-12.png\" alt=\"\" class=\"wp-image-2310\" style=\"aspect-ratio:1.9333333333333333;width:215px;height:auto\"\/><\/figure>\n<\/div>\n\n\n<ul class=\"wp-block-list\">\n<li>La Toyota Prius hybride rechargeable : <a href=\"https:\/\/www.quechoisir.org\/actualite-toyota-prius-hybride-rechargeable-premieres-impressions-n112282\/?utm_medium=email&amp;utm_source=nlh&amp;utm_campaign=nlh20231018&amp;at_medium=email&amp;at_emailtype=retention&amp;at_campaign=nlh20231018\">Toyota Prius Hybride rechargeable &#8211; Premi\u00e8res impressions &#8211; Actualit\u00e9 &#8211; UFC-Que Choisir<\/a><\/li>\n<\/ul>\n\n\n<div class=\"wp-block-image\">\n<figure class=\"aligncenter size-full is-resized\"><img loading=\"lazy\" decoding=\"async\" width=\"800\" height=\"480\" src=\"https:\/\/ufc-que-choisir-lauragais.fr\/wp-content\/uploads\/2023\/10\/image-10.png\" alt=\"\" class=\"wp-image-2297\" style=\"aspect-ratio:1.6666666666666667;width:198px;height:auto\"\/><\/figure>\n<\/div>\n\n\n<ul class=\"wp-block-list\">\n<li>La Fiat 600e : <a href=\"https:\/\/www.quechoisir.org\/actualite-fiat-600e-premieres-impressions-n111990\/?utm_medium=email&amp;utm_source=nlh&amp;utm_campaign=nlh20231012&amp;at_medium=email&amp;at_emailtype=retention&amp;at_campaign=nlh20231012\">Fiat 600e &#8211; Premi\u00e8res impressions &#8211; Actualit\u00e9 &#8211; UFC-Que Choisir<\/a><\/li>\n<\/ul>\n\n\n<div class=\"wp-block-image\">\n<figure class=\"aligncenter size-full is-resized\"><img loading=\"lazy\" decoding=\"async\" width=\"180\" height=\"180\" src=\"https:\/\/ufc-que-choisir-lauragais.fr\/wp-content\/uploads\/2023\/10\/image-5.png\" alt=\"\" class=\"wp-image-2277\" style=\"aspect-ratio:1;width:140px;height:auto\"\/><\/figure>\n<\/div>\n\n\n<ul class=\"wp-block-list\"><\/ul>\n\n\n\n<ul class=\"wp-block-list\"><\/ul>\n\n\n\n<ul class=\"wp-block-list\"><\/ul>\n","protected":false},"excerpt":{"rendered":"<p>Voici les commentaires de l&rsquo;UFC Que Choisir sur certains mod\u00e8les r\u00e9cents de voitures :<\/p>\n","protected":false},"author":1,"featured_media":0,"comment_status":"closed","ping_status":"open","sticky":false,"template":"","format":"standard","meta":{"footnotes":""},"categories":[21],"tags":[],"class_list":["post-882","post","type-post","status-publish","format-standard","hentry","category-les-voitures"],"_links":{"self":[{"href":"https:\/\/ufc-que-choisir-lauragais.fr\/index.php\/wp-json\/wp\/v2\/posts\/882","targetHints":{"allow":["GET"]}}],"collection":[{"href":"https:\/\/ufc-que-choisir-lauragais.fr\/index.php\/wp-json\/wp\/v2\/posts"}],"about":[{"href":"https:\/\/ufc-que-choisir-lauragais.fr\/index.php\/wp-json\/wp\/v2\/types\/post"}],"author":[{"embeddable":true,"href":"https:\/\/ufc-que-choisir-lauragais.fr\/index.php\/wp-json\/wp\/v2\/users\/1"}],"replies":[{"embeddable":true,"href":"https:\/\/ufc-que-choisir-lauragais.fr\/index.php\/wp-json\/wp\/v2\/comments?post=882"}],"version-history":[{"count":129,"href":"https:\/\/ufc-que-choisir-lauragais.fr\/index.php\/wp-json\/wp\/v2\/posts\/882\/revisions"}],"predecessor-version":[{"id":3587,"href":"https:\/\/ufc-que-choisir-lauragais.fr\/index.php\/wp-json\/wp\/v2\/posts\/882\/revisions\/3587"}],"wp:attachment":[{"href":"https:\/\/ufc-que-choisir-lauragais.fr\/index.php\/wp-json\/wp\/v2\/media?parent=882"}],"wp:term":[{"taxonomy":"category","embeddable":true,"href":"https:\/\/ufc-que-choisir-lauragais.fr\/index.php\/wp-json\/wp\/v2\/categories?post=882"},{"taxonomy":"post_tag","embeddable":true,"href":"https:\/\/ufc-que-choisir-lauragais.fr\/index.php\/wp-json\/wp\/v2\/tags?post=882"}],"curies":[{"name":"wp","href":"https:\/\/api.w.org\/{rel}","templated":true}]}}