{"id":2597,"date":"2024-05-23T11:06:24","date_gmt":"2024-05-23T09:06:24","guid":{"rendered":"https:\/\/ufc-que-choisir-lauragais.fr\/?p=2597"},"modified":"2024-05-23T13:38:09","modified_gmt":"2024-05-23T11:38:09","slug":"enquete-prix-et-observation-en-grandes-surfaces","status":"publish","type":"post","link":"https:\/\/ufc-que-choisir-lauragais.fr\/index.php\/2024\/05\/23\/enquete-prix-et-observation-en-grandes-surfaces\/","title":{"rendered":"Enqu\u00eate prix et observation en grandes surfaces"},"content":{"rendered":"\n<p>Notre association locale a particip\u00e9 \u00e0 <strong>l\u2019enqu\u00eate prix et observation r\u00e9alis\u00e9e en grandes surfaces<\/strong> du 23 septembre au 7 octobre 2023, portant notamment sur la consommation responsable (produits bio, fran\u00e7ais, vrac, etc..). <\/p>\n\n\n<div class=\"wp-block-image\">\n<figure class=\"aligncenter size-full is-resized\"><img loading=\"lazy\" decoding=\"async\" width=\"358\" height=\"300\" src=\"https:\/\/ufc-que-choisir-lauragais.fr\/wp-content\/uploads\/2024\/05\/Consommation-responsable-358x300-1.png\" alt=\"\" class=\"wp-image-2606\" style=\"width:228px;height:auto\"\/><\/figure>\n<\/div>\n\n\n<p>Les r\u00e9sultats locaux vous indiquent pour chaque magasin visit\u00e9, la part des produits bio, vendus en vrac et fran\u00e7ais trouv\u00e9s. Gardez \u00e0 l\u2019esprit qu\u2019il s\u2019agit d\u2019une photographie des produits pr\u00e9sents en rayon au moment de l\u2019enqu\u00eate, et que certains magasins ont pu faire \u00e9voluer les produits disponibles depuis.<\/p>\n\n\n\n<div data-wp-interactive=\"core\/file\" class=\"wp-block-file\"><object data-wp-bind--hidden=\"!state.hasPdfPreview\" hidden class=\"wp-block-file__embed\" data=\"https:\/\/ufc-que-choisir-lauragais.fr\/wp-content\/uploads\/2024\/05\/les-resultats-de-lenquete-locale-automne-2023.pdf\" type=\"application\/pdf\" style=\"width:100%;height:600px\" aria-label=\"Contenu embarqu\u00e9 les-resultats-de-lenquete-locale-automne-2023.\"><\/object><a id=\"wp-block-file--media-45858dba-4925-49e2-a9fc-8301c4528518\" href=\"https:\/\/ufc-que-choisir-lauragais.fr\/wp-content\/uploads\/2024\/05\/les-resultats-de-lenquete-locale-automne-2023.pdf\">les-resultats-de-lenquete-locale-automne-2023<\/a><a href=\"https:\/\/ufc-que-choisir-lauragais.fr\/wp-content\/uploads\/2024\/05\/les-resultats-de-lenquete-locale-automne-2023.pdf\" class=\"wp-block-file__button wp-element-button\" download aria-describedby=\"wp-block-file--media-45858dba-4925-49e2-a9fc-8301c4528518\">T\u00e9l\u00e9charger<\/a><\/div>\n","protected":false},"excerpt":{"rendered":"<p>Notre association locale a particip\u00e9 \u00e0 l\u2019enqu\u00eate prix et observation r\u00e9alis\u00e9e en grandes surfaces du 23 septembre au 7 octobre 2023, portant notamment sur la consommation responsable (produits bio, fran\u00e7ais, vrac, etc..). Les r\u00e9sultats locaux vous indiquent pour chaque magasin &hellip; <a href=\"https:\/\/ufc-que-choisir-lauragais.fr\/index.php\/2024\/05\/23\/enquete-prix-et-observation-en-grandes-surfaces\/\">Continuer la lecture <span class=\"meta-nav\">&rarr;<\/span><\/a><\/p>\n","protected":false},"author":1,"featured_media":0,"comment_status":"closed","ping_status":"open","sticky":false,"template":"","format":"standard","meta":{"footnotes":""},"categories":[28],"tags":[],"class_list":["post-2597","post","type-post","status-publish","format-standard","hentry","category-les-enquetes-locales"],"_links":{"self":[{"href":"https:\/\/ufc-que-choisir-lauragais.fr\/index.php\/wp-json\/wp\/v2\/posts\/2597","targetHints":{"allow":["GET"]}}],"collection":[{"href":"https:\/\/ufc-que-choisir-lauragais.fr\/index.php\/wp-json\/wp\/v2\/posts"}],"about":[{"href":"https:\/\/ufc-que-choisir-lauragais.fr\/index.php\/wp-json\/wp\/v2\/types\/post"}],"author":[{"embeddable":true,"href":"https:\/\/ufc-que-choisir-lauragais.fr\/index.php\/wp-json\/wp\/v2\/users\/1"}],"replies":[{"embeddable":true,"href":"https:\/\/ufc-que-choisir-lauragais.fr\/index.php\/wp-json\/wp\/v2\/comments?post=2597"}],"version-history":[{"count":8,"href":"https:\/\/ufc-que-choisir-lauragais.fr\/index.php\/wp-json\/wp\/v2\/posts\/2597\/revisions"}],"predecessor-version":[{"id":2609,"href":"https:\/\/ufc-que-choisir-lauragais.fr\/index.php\/wp-json\/wp\/v2\/posts\/2597\/revisions\/2609"}],"wp:attachment":[{"href":"https:\/\/ufc-que-choisir-lauragais.fr\/index.php\/wp-json\/wp\/v2\/media?parent=2597"}],"wp:term":[{"taxonomy":"category","embeddable":true,"href":"https:\/\/ufc-que-choisir-lauragais.fr\/index.php\/wp-json\/wp\/v2\/categories?post=2597"},{"taxonomy":"post_tag","embeddable":true,"href":"https:\/\/ufc-que-choisir-lauragais.fr\/index.php\/wp-json\/wp\/v2\/tags?post=2597"}],"curies":[{"name":"wp","href":"https:\/\/api.w.org\/{rel}","templated":true}]}}